{"id":431,"date":"2024-12-14T18:02:25","date_gmt":"2024-12-14T17:02:25","guid":{"rendered":"https:\/\/www.cartes-voeux-flash.fr\/ecards\/?p=431"},"modified":"2024-12-14T18:14:10","modified_gmt":"2024-12-14T17:14:10","slug":"beaux-livres-a-offrir-pour-noel","status":"publish","type":"post","link":"https:\/\/www.cartes-voeux-flash.fr\/ecards\/beaux-livres-a-offrir-pour-noel\/","title":{"rendered":"Beaux livres \u00e0 offrir pour No\u00ebl"},"content":{"rendered":"<div style=\"color: #000000;\">\n<p><strong>Voici notre s\u00e9lection de livres d&rsquo;art \u00e0 offrir \u00e0 vos proches pour cette fin d&rsquo;ann\u00e9e.<\/strong><\/p>\n<h2 class=\"western\">Gabriele Crepaldi &#8211; petite encyclop\u00e9die de l&rsquo;impressionnisme<\/h2>\n<p align=\"JUSTIFY\"><span style=\"color: #000000;\"><span lang=\"fr-FR\">Ce beau livre est destin\u00e9 \u00e0 tout ceux, qui, amateurs, passionn\u00e9s, professionnels ou simples curieux veulent s&rsquo;initier au domaine de l&rsquo;art pictural. Consacr\u00e9 pour l&rsquo;essentiel \u00e0 l&rsquo;impressionnisme, il n&rsquo;en fait pas moins un tour d&rsquo;horizon du contexte sociopolitique (s&rsquo;arr\u00eatant ainsi sur le second empire et la troisi\u00e8me r\u00e9publique) et de la gen\u00e8se de la formation du courant (notamment le refus de l&rsquo;acad\u00e9misme, l&rsquo;apparition de la peinture en plein air qui se substitue aux ateliers scolaires, avec des artistes comme Jean-Baptiste Camille Corot ou <a href=\"https:\/\/www.editions-saphira.com\/produit\/millet-chantal-georgel\/\">Millet<\/a>).<br \/>\nDans l&rsquo;antichambre, nous trouvons la p\u00e9riode \u00ab\u00a0avant l&rsquo;impressionnisme\u00a0\u00bb o\u00f9 nous pourrons d\u00e9couvrir des <a href=\"https:\/\/www.editions-saphira.com\/produit\/delacroix-de-peter-rautmann\/\">oeuvres d&rsquo;Eug\u00e8ne Delacroix<\/a> et de G\u00e9ricaut, dont respectivement <\/span><\/span><em><span style=\"color: #000000;\"><span lang=\"fr-FR\">La libert\u00e9 guidant le peuple<\/span><\/span><\/em><span style=\"color: #000000;\"><span lang=\"fr-FR\"> et <\/span><\/span><em><span style=\"color: #000000;\"><span lang=\"fr-FR\">le radeau de la m\u00e9duse <\/span><\/span><\/em><span style=\"color: #000000;\"><span lang=\"fr-FR\">sont repr\u00e9sent\u00e9s.<br \/>\nPuis nous sommes plong\u00e9s au coeur du courant et de ses traditions, <\/span><\/span><strong><span style=\"color: #000000;\"><span lang=\"fr-FR\">nous traversons des vies en m\u00eame temps que des palettes de couleurs<\/span><\/span><\/strong><span style=\"color: #000000;\"><span lang=\"fr-FR\"> : Manet, Monet, Renoir, Pissaro, Van Gogh, mais aussi Liebermann, Munch, Sisley, dont les chefs d&rsquo;oeuvre sont reproduits, expliqu\u00e9s, et parfois compl\u00e9t\u00e9s par quelques anecdotes.<br \/>\nLe caract\u00e8re encyclop\u00e9dique de l&rsquo;ouvrage s&rsquo;observe avec des rubriques concernant les th\u00e9matiques de l&rsquo;impressionnisme, des articles sur les grandes expositions, les techniques, et quelques apart\u00e9s sur la sculpture (le prodige Rodin).<br \/>\nD&rsquo;un maniement agr\u00e9able, dans une mise en page \u00e9pur\u00e9e, associant une iconographie parfaite, l&rsquo;encyclop\u00e9die parvient \u00e0 cerner l&rsquo;univers des peintres et \u00e0 percer les fondements de l&rsquo;impressionnisme. Un tr\u00e8s beau cadeau \u00e0 offrir pour ces p\u00e9riodes de f\u00eates.<\/span><\/span><\/p>\n<p>&nbsp;<\/p>\n<p lang=\"fr-FR\"><span style=\"color: #000000;\">Gabriele Crepaldi &#8211; <em>petite encyclop\u00e9die de l&rsquo;impressionnisme<\/em> , SOLAR \u00e9dition<br \/>\nseptembre 2006 &#8211; 425 pages<br \/>\n<\/span><\/p>\n<h2 class=\"western\">Patricia FALGUIERES : Le mani\u00e9risme. Une avant-garde au XVI\u00e8 si\u00e8cle<\/h2>\n<p>Le mani\u00e9risme, un terme d\u00e9riv\u00e9 du mot italien \u00ab\u00a0maniera\u00a0\u00bb, signifiant style ou mani\u00e8re, \u00e9tait un mouvement qui a \u00e9merg\u00e9 en r\u00e9action aux compositions harmonieuses et \u00e9quilibr\u00e9es de la Haute Renaissance. <strong>Des artistes comme <em>Michel-Ange et Rapha\u00ebl<\/em><\/strong> dominaient la sc\u00e8ne artistique, et les artistes mani\u00e9ristes cherchaient \u00e0 rompre avec les normes traditionnelles et \u00e0 cr\u00e9er des \u0153uvres plus expressives et individualistes.<\/p>\n<p>Emaill\u00e9 d&rsquo;illustrations et d\u00e9coup\u00e9 en des chapitres synth\u00e9tiques, cet ouvrage pr\u00e9sente de mani\u00e8re tr\u00e8s p\u00e9dagogique l&rsquo;ensemble des th\u00e9matiques inh\u00e9rentes aux mani\u00e9rismes. Le lien avec l&rsquo;h\u00e9ritage m\u00e9di\u00e9val et la renaissance, les inspirations de Michel-Ange le go\u00fbt des merveilles que manifestent l&rsquo;aristocratie de l&rsquo;\u00e9poque. <strong>Falgui\u00e8res<\/strong> explore les caract\u00e9ristiques cl\u00e9s du mani\u00e9risme, telles que les proportions allong\u00e9es, les gestes exag\u00e9r\u00e9s et un sentiment d&rsquo;artificialit\u00e9. Elle discute \u00e9galement des artistes qui \u00e9taient \u00e0 l&rsquo;avant-garde de ce mouvement avant-gardiste, notamment <em><strong>Parmigianino, Jacopo da Pontormo et Agnolo Bronzino.<\/strong><\/em><\/p>\n<p>L&rsquo;auteur pr\u00e9sente ensuite <a href=\"https:\/\/www.beauxarts.com\/grand-format\/le-manierisme-en-3-minutes\/\">l&rsquo;ensemble des facettes du mani\u00e9risme<\/a> avant d&rsquo;expliquer la passion de ces artistes pour la technique, leur rapport ambigu avec la nature.<\/p>\n<p>Un des aspects les plus fascinants du <strong>livre de Patricia Falgui\u00e8res<\/strong> est son analyse du contexte politique et social dans lequel le mani\u00e9risme a \u00e9merg\u00e9. Le XVIe si\u00e8cle \u00e9tait une p\u00e9riode de bouleversements politiques et religieux en Europe, et les artistes ont utilis\u00e9 leur travail pour refl\u00e9ter les incertitudes et les angoisses de l&rsquo;\u00e9poque. On traverse l\u00e0 une \u00e9poque riche et cr\u00e9ative, berceau de l&rsquo;illustration scientifique, du th\u00e9\u00e2tre, des automates, des sciences&#8230; et annonciatrice de la vision de l&rsquo;artiste moderne.<\/p>\n<p>Dans l&rsquo;ensemble, \u00ab\u00a0Le mani\u00e9risme: Une avant-garde au XVIe si\u00e8cle\u00a0\u00bb est une lecture incontournable pour quiconque s&rsquo;int\u00e9resse \u00e0 l&rsquo;\u00e9volution de l&rsquo;histoire de l&rsquo;art et aux fa\u00e7ons dont les artistes ont repouss\u00e9 les limites et d\u00e9fier les conventions au fil des si\u00e8cles.<\/p>\n<p>Un ouvrage fascinant !<\/p>\n<p><span style=\"color: #000000;\"><a href=\"https:\/\/www.editions-saphira.com\/produit\/le-manierisme-une-avant-garde-au-xvie-siecle-patricia-falguieres\/\"><em>Le Mani\u00e9risme \u2013 Une avant-garde Au XVIe Si\u00e8cle<\/em><\/a>, Patricia Falgui\u00e8res, Gallimard, 2004 <\/span><\/p>\n<p>&nbsp;<\/p>\n<\/div>\n","protected":false},"excerpt":{"rendered":"<p>Voici notre s\u00e9lection de livres d&rsquo;art \u00e0 offrir \u00e0 vos proches pour cette fin d&rsquo;ann\u00e9e. Gabriele Crepaldi &#8211; petite encyclop\u00e9die de l&rsquo;impressionnisme Ce beau livre est destin\u00e9 \u00e0 tout ceux, qui, amateurs, passionn\u00e9s, professionnels ou simples curieux veulent s&rsquo;initier au domaine de l&rsquo;art pictural. Consacr\u00e9 pour l&rsquo;essentiel \u00e0 l&rsquo;impressionnisme, il n&rsquo;en fait pas moins un [&hellip;]<\/p>\n","protected":false},"author":1,"featured_media":433,"comment_status":"closed","ping_status":"open","sticky":false,"template":"","format":"standard","meta":{"footnotes":""},"categories":[24],"tags":[],"class_list":["post-431","post","type-post","status-publish","format-standard","has-post-thumbnail","hentry","category-le-blog"],"aioseo_notices":[],"_links":{"self":[{"href":"https:\/\/www.cartes-voeux-flash.fr\/ecards\/wp-json\/wp\/v2\/posts\/431","targetHints":{"allow":["GET"]}}],"collection":[{"href":"https:\/\/www.cartes-voeux-flash.fr\/ecards\/wp-json\/wp\/v2\/posts"}],"about":[{"href":"https:\/\/www.cartes-voeux-flash.fr\/ecards\/wp-json\/wp\/v2\/types\/post"}],"author":[{"embeddable":true,"href":"https:\/\/www.cartes-voeux-flash.fr\/ecards\/wp-json\/wp\/v2\/users\/1"}],"replies":[{"embeddable":true,"href":"https:\/\/www.cartes-voeux-flash.fr\/ecards\/wp-json\/wp\/v2\/comments?post=431"}],"version-history":[{"count":5,"href":"https:\/\/www.cartes-voeux-flash.fr\/ecards\/wp-json\/wp\/v2\/posts\/431\/revisions"}],"predecessor-version":[{"id":437,"href":"https:\/\/www.cartes-voeux-flash.fr\/ecards\/wp-json\/wp\/v2\/posts\/431\/revisions\/437"}],"wp:featuredmedia":[{"embeddable":true,"href":"https:\/\/www.cartes-voeux-flash.fr\/ecards\/wp-json\/wp\/v2\/media\/433"}],"wp:attachment":[{"href":"https:\/\/www.cartes-voeux-flash.fr\/ecards\/wp-json\/wp\/v2\/media?parent=431"}],"wp:term":[{"taxonomy":"category","embeddable":true,"href":"https:\/\/www.cartes-voeux-flash.fr\/ecards\/wp-json\/wp\/v2\/categories?post=431"},{"taxonomy":"post_tag","embeddable":true,"href":"https:\/\/www.cartes-voeux-flash.fr\/ecards\/wp-json\/wp\/v2\/tags?post=431"}],"curies":[{"name":"wp","href":"https:\/\/api.w.org\/{rel}","templated":true}]}}